{"id":86482,"date":"2020-10-05T08:44:49","date_gmt":"2020-10-05T08:44:49","guid":{"rendered":"https:\/\/www.riadorangeraie.com\/mes-recommandations-pour-des-vacances-actives-a-marrakech\/"},"modified":"2026-04-03T17:24:25","modified_gmt":"2026-04-03T15:24:25","slug":"mes-recommandations-pour-des-vacances-actives-a-marrakech","status":"publish","type":"post","link":"https:\/\/riadorangeraie.com\/fr\/mes-recommandations-pour-des-vacances-actives-a-marrakech\/","title":{"rendered":"Mes recommandations pour des vacances actives \u00e0 Marrakech"},"content":{"rendered":"<div class=\"wpb-content-wrapper\"><p>[vc_row unlock_row_content=\u00a0\u00bbyes\u00a0\u00bb row_height_percent=\u00a0\u00bb0&Prime; override_padding=\u00a0\u00bbyes\u00a0\u00bb h_padding=\u00a0\u00bb2&Prime; top_padding=\u00a0\u00bb2&Prime; bottom_padding=\u00a0\u00bb2&Prime; back_color=\u00a0\u00bbcolor-187530&Prime; overlay_alpha=\u00a0\u00bb100&Prime; gutter_size=\u00a0\u00bb3&Prime; column_width_percent=\u00a0\u00bb100&Prime; shift_y=\u00a0\u00bb0&Prime; z_index=\u00a0\u00bb0&Prime;][vc_column column_width_percent=\u00a0\u00bb100&Prime; gutter_size=\u00a0\u00bb0&Prime; style=\u00a0\u00bbdark\u00a0\u00bb font_family=\u00a0\u00bbfont-762333&Prime; overlay_color=\u00a0\u00bbcolor-187530&Prime; overlay_alpha=\u00a0\u00bb83&Prime; shift_x=\u00a0\u00bb0&Prime; shift_y=\u00a0\u00bb0&Prime; shift_y_down=\u00a0\u00bb0&Prime; z_index=\u00a0\u00bb0&Prime; medium_width=\u00a0\u00bb0&Prime; mobile_width=\u00a0\u00bb0&Prime; width=\u00a0\u00bb3\/4&Prime; css=\u00a0\u00bb.vc_custom_1600784736639{padding-top: 15px !important;padding-right: 15px !important;padding-bottom: 15px !important;padding-left: 15px !important;}\u00a0\u00bb][vc_column_text]<\/p>\n<h2><strong>Mes recommandations pour des vacances actives \u00e0 Marrakech<br \/>\nRandonn\u00e9es, piscines, itin\u00e9raires de course, golfs<\/strong><\/h2>\n<p style=\"text-align: justify;\"><span style=\"font-weight: 400;\">Certains de nos clients pr\u00e9f\u00e8rent des vacances o\u00f9 ils ne font absolument rien d&rsquo;autre que de se d\u00e9tendre tandis que d&rsquo;autres pr\u00e9f\u00e8rent \u00eatre plus actifs pendant leur s\u00e9jour \u00e0 Marrakech notamment en pratiquant du sport. Je suis moi-m\u00eame un grand fan de sport et je ne peux imaginer une semaine de vacances sans un peu de pratique sportive pour m\u2019entretenir. Si vous \u00eates comme moi, voici quelques conseils locaux pour une agr\u00e9able exp\u00e9rience sportive \u00e0 Marrakech.<\/span><\/p>\n<p style=\"text-align: justify;\"><span style=\"font-weight: 400;\">Trouver une piscine de nage \u00e0 Marrakech m\u2019a pris un peu de temps mais quelle belle trouvaille! Il n&rsquo;y a v\u00e9ritablement qu&rsquo;une seule piscine o\u00f9 pratiquer la natation dans des couloirs de nage \u00e0 Marrakech car la plupart des Marocains ne sont pas des grands amateurs de natation. Cette piscine est situ\u00e9e sur la route des montagnes de l&rsquo;Atlas dans un parc aquatique appel\u00e9 Ouasiria situ\u00e9 \u00e0 15 minutes en voiture du Riad l&rsquo;Orangeraie. Le parc poss\u00e8de un club priv\u00e9 o\u00f9 se trouve cette piscine et auquel les touristes peuvent acc\u00e9der pour la journ\u00e9e moyennant un suppl\u00e9ment de 13 euros. La piscine est vide ou tr\u00e8s peu fr\u00e9quent\u00e9e la plupart du temps et si vous \u00eates habitu\u00e9 aux piscines bond\u00e9es d\u2019Europe ou des \u00c9tats-Unis, cela sera un vrai paradis o\u00f9 s&rsquo;entra\u00eener.<\/span><\/p>\n<p>[\/vc_column_text][vc_empty_space empty_h=\u00a0\u00bb2&Prime;][vc_single_image media=\u00a0\u00bb85733&Prime; media_width_percent=\u00a0\u00bb59&Prime; alignment=\u00a0\u00bbcenter\u00a0\u00bb][vc_empty_space empty_h=\u00a0\u00bb2&Prime;][vc_column_text]<\/p>\n<p style=\"text-align: justify;\"><span style=\"font-weight: 400;\">Si vous avez envie de courir le matin, comme beaucoup de nos clients, vous devrez quitter le Riad vers 7h du matin pour \u00e9viter la foule dans les rues de la m\u00e9dina et \u00eatre de retour \u00e0 l&rsquo;heure pour le petit d\u00e9jeuner.<\/span><\/p>\n<p style=\"text-align: justify;\"><span style=\"font-weight: 400;\">L&rsquo;itin\u00e9raire le plus simple \u00e0 partir du Riad est de quitter la m\u00e9dina par la porte Ksour au bout de notre rue puis de continuer en contournant le Cyberpark et les murs de l&rsquo;ancienne m\u00e9dina. Quand vous atteindrez le rond-point de l&rsquo;h\u00f4tel \u00abLa Mamounia\u00bb, vous devrez alors tourner \u00e0 droite en direction de la Menara et continuer tout droit pendant 3 km. Apr\u00e8s quoi, vous pourrez courir \u00e0 l&rsquo;int\u00e9rieur et autour du bassin de la Menara, et de son pavillon. La M\u00e9nara est entour\u00e9e de vergers et d&rsquo;oliviers ce qui en fait un endroit tr\u00e8s agr\u00e9able \u00e0 parcourir. L&rsquo;itin\u00e9raire de course aller-retour du Riad est d&rsquo;environ 8 km.<\/span><\/p>\n<p style=\"text-align: justify;\"><span style=\"font-weight: 400;\">Si vous aimez la randonn\u00e9e, nous avons notre \u00ab\u00a0 Monsieur Randonn\u00e9e\u201d au Riad. Parler avec Aziz ne sera pas seulement un plaisir mais il vous expliquera aussi o\u00f9 aller seul \u00e0 moins qu\u2019il vous sugg\u00e8re de vous emmener avec lui pour une journ\u00e9e dans les montagnes. Cela dit les sentiers au Maroc ne sont pas aussi bien balis\u00e9s qu&rsquo;en Europe et je sugg\u00e8re fortement de partir avec Aziz ou l&rsquo;un des guides de la Kasbah du Toubkal qui organisent des randonn\u00e9es fantastiques mais aussi des treks de quelques jours \u00e0 travers les montagnes de l&rsquo;Atlas.<\/span><\/p>\n<p style=\"text-align: justify;\"><span style=\"font-weight: 400;\">Il y a beaucoup de terrains de golf \u00e0 Marrakech et il peut \u00eatre un peu difficile de choisir entre eux. De mon point de vue, trois parcours se d\u00e9marquent des autres, il s&rsquo;agit du club de golf <\/span><a href=\"http:\/\/www.assoufid.com\/fr\/\" target=\"_blank\" rel=\"noopener\"><span style=\"font-weight: 400; text-decoration: underline;\">Assoufid<\/span><\/a><span style=\"font-weight: 400;\">, du<\/span><a href=\"https:\/\/www.fairmont.com\/marrakech\/golf\/marrakech-golf\/\" target=\"_blank\" rel=\"noopener\"><span style=\"font-weight: 400; text-decoration: underline;\"> Fairmont Royal Palm<\/span><\/a><span style=\"font-weight: 400;\"> et de<\/span><span style=\"font-weight: 400; text-decoration: underline;\"> Samanah<\/span><span style=\"font-weight: 400;\">. Il est toujours pr\u00e9f\u00e9rable de r\u00e9server un d\u00e9part surtout pendant la haute saison car ces trois parcours sont populaires bien que Samanah soit situ\u00e9 un peu loin du centre de la ville et donc peut-\u00eatre moins fr\u00e9quent\u00e9.<\/span><\/p>\n<p>[\/vc_column_text][vc_empty_space empty_h=\u00a0\u00bb2&Prime;][\/vc_column][vc_column column_width_percent=\u00a0\u00bb100&Prime; gutter_size=\u00a0\u00bb1&Prime; override_padding=\u00a0\u00bbyes\u00a0\u00bb column_padding=\u00a0\u00bb2&Prime; style=\u00a0\u00bbdark\u00a0\u00bb font_family=\u00a0\u00bbfont-762333&Prime; overlay_alpha=\u00a0\u00bb50&Prime; shift_x=\u00a0\u00bb0&Prime; shift_y=\u00a0\u00bb0&Prime; shift_y_down=\u00a0\u00bb0&Prime; z_index=\u00a0\u00bb0&Prime; medium_width=\u00a0\u00bb0&Prime; mobile_width=\u00a0\u00bb0&Prime; width=\u00a0\u00bb1\/4&Prime;][vc_row_inner row_inner_height_percent=\u00a0\u00bb0&Prime; back_color=\u00a0\u00bbcolor-138194&Prime; overlay_alpha=\u00a0\u00bb50&Prime; gutter_size=\u00a0\u00bb3&Prime; shift_y=\u00a0\u00bb0&Prime; z_index=\u00a0\u00bb0&Prime;][vc_column_inner column_width_percent=\u00a0\u00bb100&Prime; gutter_size=\u00a0\u00bb0&Prime; override_padding=\u00a0\u00bbyes\u00a0\u00bb column_padding=\u00a0\u00bb2&Prime; style=\u00a0\u00bbdark\u00a0\u00bb overlay_alpha=\u00a0\u00bb50&Prime; shift_x=\u00a0\u00bb0&Prime; shift_y=\u00a0\u00bb0&Prime; shift_y_down=\u00a0\u00bb0&Prime; z_index=\u00a0\u00bb0&Prime; medium_width=\u00a0\u00bb0&Prime; mobile_width=\u00a0\u00bb0&Prime; width=\u00a0\u00bb1\/1&Prime;][vc_single_image media=\u00a0\u00bb79726&Prime; media_width_percent=\u00a0\u00bb60&Prime; alignment=\u00a0\u00bbcenter\u00a0\u00bb][vc_column_text]<\/p>\n<div class=\"page\" title=\"Page 4\">\n<div class=\"section\">\n<div class=\"layoutArea\">\n<div class=\"column\">\n<p><span style=\"font-size: 12pt;\">L&rsquo;auteur<\/span><br \/>\n<span style=\"font-size: 14pt;\"><strong>Cyril<\/strong><\/span><\/p>\n<p style=\"text-align: justify;\">Cyril est un Avocat fran\u00e7ais reconverti en h\u00f4telier. <span class=\"JLqJ4b ChMk0b\" data-language-for-alternatives=\"fr\" data-language-to-translate-into=\"auto\" data-phrase-index=\"1\">Il a pass\u00e9 son temps entre le Maroc et la France pendant les 18 derni\u00e8res ann\u00e9es et est actuellement propri\u00e9taire du Riad l&rsquo;Orangeraie.<\/span><\/p>\n<\/div>\n<\/div>\n<\/div>\n<\/div>\n<p>[\/vc_column_text][\/vc_column_inner][\/vc_row_inner][vc_empty_space empty_h=\u00a0\u00bb3&Prime;][vc_row_inner row_inner_height_percent=\u00a0\u00bb0&Prime; back_color=\u00a0\u00bbcolor-138194&Prime; overlay_alpha=\u00a0\u00bb50&Prime; gutter_size=\u00a0\u00bb3&Prime; shift_y=\u00a0\u00bb0&Prime; z_index=\u00a0\u00bb0&Prime;][vc_column_inner column_width_percent=\u00a0\u00bb100&Prime; gutter_size=\u00a0\u00bb0&Prime; override_padding=\u00a0\u00bbyes\u00a0\u00bb column_padding=\u00a0\u00bb2&Prime; style=\u00a0\u00bbdark\u00a0\u00bb overlay_alpha=\u00a0\u00bb50&Prime; shift_x=\u00a0\u00bb0&Prime; shift_y=\u00a0\u00bb0&Prime; shift_y_down=\u00a0\u00bb0&Prime; z_index=\u00a0\u00bb0&Prime; medium_width=\u00a0\u00bb0&Prime; mobile_width=\u00a0\u00bb0&Prime; width=\u00a0\u00bb1\/1&Prime;][vc_widget_sidebar sidebar_id=\u00a0\u00bbsidebar-112841&Prime;][vc_empty_space empty_h=\u00a0\u00bb2&Prime;][vc_button button_color=\u00a0\u00bbcolor-187530&Prime; size=\u00a0\u00bbbtn-lg\u00a0\u00bb hover_fx=\u00a0\u00bbfull-colored\u00a0\u00bb border_width=\u00a0\u00bb0&Prime; link=\u00a0\u00bburl:https%3A%2F%2Friadorangeraie.com%2Ffr%2Fblog%2F|title:Blog||\u00a0\u00bb]blog[\/vc_button][\/vc_column_inner][\/vc_row_inner][\/vc_column][\/vc_row]<\/p>\n<\/div>","protected":false},"excerpt":{"rendered":"<p>Certains de nos clients pr\u00e9f\u00e8rent des vacances o\u00f9 ils ne font absolument rien d&rsquo;autre que de se d\u00e9tendre tandis que d&rsquo;autres pr\u00e9f\u00e8rent \u00eatre plus actifs pendant leur s\u00e9jour \u00e0 Marrakech notamment en pratiquant du sport. Je suis moi-m\u00eame un grand fan de sport et je ne peux imaginer une semaine de vacances sans un peu de pratique sportive pour m\u2019entretenir. Si vous \u00eates comme moi, voici quelques conseils locaux pour une agr\u00e9able exp\u00e9rience sportive \u00e0 Marrakech.<\/p>\n","protected":false},"author":5,"featured_media":86487,"comment_status":"open","ping_status":"closed","sticky":false,"template":"","format":"standard","meta":{"om_disable_all_campaigns":false,"_monsterinsights_skip_tracking":false,"_monsterinsights_sitenote_active":false,"_monsterinsights_sitenote_note":"","_monsterinsights_sitenote_category":0,"_uf_show_specific_survey":0,"_uf_disable_surveys":false,"footnotes":""},"categories":[111],"tags":[],"class_list":["post-86482","post","type-post","status-publish","format-standard","has-post-thumbnail","hentry","category-classique"],"aioseo_notices":[],"_links":{"self":[{"href":"https:\/\/riadorangeraie.com\/fr\/wp-json\/wp\/v2\/posts\/86482","targetHints":{"allow":["GET"]}}],"collection":[{"href":"https:\/\/riadorangeraie.com\/fr\/wp-json\/wp\/v2\/posts"}],"about":[{"href":"https:\/\/riadorangeraie.com\/fr\/wp-json\/wp\/v2\/types\/post"}],"author":[{"embeddable":true,"href":"https:\/\/riadorangeraie.com\/fr\/wp-json\/wp\/v2\/users\/5"}],"replies":[{"embeddable":true,"href":"https:\/\/riadorangeraie.com\/fr\/wp-json\/wp\/v2\/comments?post=86482"}],"version-history":[{"count":5,"href":"https:\/\/riadorangeraie.com\/fr\/wp-json\/wp\/v2\/posts\/86482\/revisions"}],"predecessor-version":[{"id":96735,"href":"https:\/\/riadorangeraie.com\/fr\/wp-json\/wp\/v2\/posts\/86482\/revisions\/96735"}],"wp:featuredmedia":[{"embeddable":true,"href":"https:\/\/riadorangeraie.com\/fr\/wp-json\/wp\/v2\/media\/86487"}],"wp:attachment":[{"href":"https:\/\/riadorangeraie.com\/fr\/wp-json\/wp\/v2\/media?parent=86482"}],"wp:term":[{"taxonomy":"category","embeddable":true,"href":"https:\/\/riadorangeraie.com\/fr\/wp-json\/wp\/v2\/categories?post=86482"},{"taxonomy":"post_tag","embeddable":true,"href":"https:\/\/riadorangeraie.com\/fr\/wp-json\/wp\/v2\/tags?post=86482"}],"curies":[{"name":"wp","href":"https:\/\/api.w.org\/{rel}","templated":true}]}}